{"id":12432,"date":"2026-08-31T02:01:46","date_gmt":"2026-08-31T02:01:46","guid":{"rendered":"https:\/\/uruguayciclismototal.com.uy\/?p=12432"},"modified":"2026-08-31T02:24:19","modified_gmt":"2026-08-31T02:24:19","slug":"el-criterium-apertura-en-durazno-fue-para-leonel-rodriguez","status":"publish","type":"post","link":"https:\/\/uruguayciclismototal.com.uy\/?p=12432","title":{"rendered":"El Crit\u00e9rium Apertura en Durazno fue para Leonel Rodriguez"},"content":{"rendered":"\n<p class=\"wp-block-paragraph\">Este domingo 30 de Agosto se disputo el Crit\u00e9rium de Ciclismo en el Parque de la Hispanidad en Durazno con mas de 350 ciclistas en las distintas categor\u00edas, donde en horas de la ma\u00f1ana arrancaron las categor\u00edas Master hombres ,luego fue el turno para la prueba Femenina con la victoria de Florencia Larazabal libre de Cerro Largo, en Junior hombres Aparicio Carballo (Federaci\u00f3n Trinitaria) fue el vencedor, en el plato fuerte para elite y sub23 la victoria fue para el ciclista del Cerro Largo Leonel Rodriguez <\/p>\n\n\n\n<figure class=\"wp-block-video\"><video height=\"1080\" style=\"aspect-ratio: 1920 \/ 1080;\" width=\"1920\" controls src=\"https:\/\/uruguayciclismototal.com.uy\/wp-content\/uploads\/2026\/08\/Mi-video-LEO.mp4\"><\/video><\/figure>\n\n\n\n<figure class=\"wp-block-video\"><video height=\"1080\" style=\"aspect-ratio: 1920 \/ 1080;\" width=\"1920\" controls src=\"https:\/\/uruguayciclismototal.com.uy\/wp-content\/uploads\/2026\/08\/Leonel-Nota-.mp4\"><\/video><\/figure>\n\n\n\n<p class=\"wp-block-paragraph\">Hombres Elite \/ Sub 23<\/p>\n\n\n\n<p class=\"wp-block-paragraph\">1 &#8211; Leonel Rodr\u00edguez (Club Ciclista Cerro Largo)<\/p>\n\n\n\n<p class=\"wp-block-paragraph\">2 &#8211; Germ\u00e1n Fern\u00e1ndez (Dolores Cycles)<\/p>\n\n\n\n<p class=\"wp-block-paragraph\">3 &#8211; Pablo Anchieri (Alas Rojas Santa Luc\u00eda)<\/p>\n\n\n\n<p class=\"wp-block-paragraph\">4 &#8211; Nahuel Alarc\u00f3n (Dolores Cycles)<\/p>\n\n\n\n<p class=\"wp-block-paragraph\">5 &#8211; Nicol\u00e1s Arachichu (Libre Trinitaria)<\/p>\n\n\n\n<p class=\"wp-block-paragraph\">Mujeres<\/p>\n\n\n\n<p class=\"wp-block-paragraph\">1 &#8211; Florencia Larazabal (Libre Cerro Largo)<\/p>\n\n\n\n<p class=\"wp-block-paragraph\">2 &#8211; Romina Rodr\u00edguez (Libre Cerro Largo)<\/p>\n\n\n\n<p class=\"wp-block-paragraph\">3 &#8211; Carla Correa (Uni\u00f3n Ciclista Maragata)<\/p>\n\n\n\n<p class=\"wp-block-paragraph\">4 &#8211; Angela Fajardo (Alas Rojas Santa Luc\u00eda)<\/p>\n\n\n\n<p class=\"wp-block-paragraph\">5 &#8211; Vikla L\u00f3pez (Libre Cerro Largo)<\/p>\n\n\n\n<p class=\"wp-block-paragraph\">Hombres Junior<\/p>\n\n\n\n<p class=\"wp-block-paragraph\">1 &#8211; Aparicio Carballo (Federaci\u00f3n Trinitaria)<\/p>\n\n\n\n<p class=\"wp-block-paragraph\">2 &#8211; Lautaro Conde(Federaci\u00f3n Trinitaria)<\/p>\n\n\n\n<p class=\"wp-block-paragraph\">3 &#8211; Iv\u00e1n Salvagno (N\u00e1utico Boca del Cufr\u00e9)<\/p>\n\n\n\n<p class=\"wp-block-paragraph\"><\/p>\n","protected":false},"excerpt":{"rendered":"<p>Este domingo 30 de Agosto se disputo el Crit\u00e9rium de Ciclismo en el Parque de la Hispanidad en Durazno con mas de 350 ciclistas en las distintas categor\u00edas, donde en&hellip; <\/p>\n","protected":false},"author":2,"featured_media":12434,"comment_status":"open","ping_status":"closed","sticky":false,"template":"","format":"standard","meta":{"_jetpack_newsletter_access":"","_jetpack_dont_email_post_to_subs":false,"_jetpack_newsletter_tier_id":0,"_jetpack_memberships_contains_paywalled_content":false,"_jetpack_memberships_contains_paid_content":false,"footnotes":""},"categories":[1],"tags":[],"class_list":["post-12432","post","type-post","status-publish","format-standard","has-post-thumbnail","hentry","category-novedades"],"yoast_head":"<!-- This site is optimized with the Yoast SEO plugin v28.3 - https:\/\/yoast.com\/product\/yoast-seo-wordpress\/ -->\n<title>El Crit\u00e9rium Apertura en Durazno fue para Leonel Rodriguez - Uruguay Ciclismo Total<\/title>\n<meta name=\"robots\" content=\"index, follow, max-snippet:-1, max-image-preview:large, max-video-preview:-1\" \/>\n<link rel=\"canonical\" href=\"https:\/\/uruguayciclismototal.com.uy\/?p=12432\" \/>\n<meta property=\"og:locale\" content=\"es_ES\" \/>\n<meta property=\"og:type\" content=\"article\" \/>\n<meta property=\"og:title\" content=\"El Crit\u00e9rium Apertura en Durazno fue para Leonel Rodriguez - Uruguay Ciclismo Total\" \/>\n<meta property=\"og:description\" content=\"Este domingo 30 de Agosto se disputo el Crit\u00e9rium de Ciclismo en el Parque de la Hispanidad en Durazno con mas de 350 ciclistas en las distintas categor\u00edas, donde en&hellip;\" \/>\n<meta property=\"og:url\" content=\"https:\/\/uruguayciclismototal.com.uy\/?p=12432\" \/>\n<meta property=\"og:site_name\" content=\"Uruguay Ciclismo Total\" \/>\n<meta property=\"article:published_time\" content=\"2026-08-31T02:01:46+00:00\" \/>\n<meta property=\"article:modified_time\" content=\"2026-08-31T02:24:19+00:00\" \/>\n<meta property=\"og:image\" content=\"https:\/\/uruguayciclismototal.com.uy\/wp-content\/uploads\/2026\/08\/Snapshot_20260830223016-1024x576.png\" \/>\n\t<meta property=\"og:image:width\" content=\"1024\" \/>\n\t<meta property=\"og:image:height\" content=\"576\" \/>\n\t<meta property=\"og:image:type\" content=\"image\/png\" \/>\n<meta name=\"author\" content=\"UCT\" \/>\n<meta name=\"twitter:card\" content=\"summary_large_image\" \/>\n<meta name=\"twitter:label1\" content=\"Escrito por\" \/>\n\t<meta name=\"twitter:data1\" content=\"UCT\" \/>\n\t<meta name=\"twitter:label2\" content=\"Tiempo de lectura\" \/>\n\t<meta name=\"twitter:data2\" content=\"1 minuto\" \/>\n<script type=\"application\/ld+json\" class=\"yoast-schema-graph\">{\"@context\":\"https:\\\/\\\/schema.org\",\"@graph\":[{\"@type\":\"Article\",\"@id\":\"https:\\\/\\\/uruguayciclismototal.com.uy\\\/?p=12432#article\",\"isPartOf\":{\"@id\":\"https:\\\/\\\/uruguayciclismototal.com.uy\\\/?p=12432\"},\"author\":{\"name\":\"UCT\",\"@id\":\"https:\\\/\\\/uruguayciclismototal.com.uy\\\/#\\\/schema\\\/person\\\/74449b3260ee6412440feb844fd01f0f\"},\"headline\":\"El Crit\u00e9rium Apertura en Durazno fue para Leonel Rodriguez\",\"datePublished\":\"2026-08-31T02:01:46+00:00\",\"dateModified\":\"2026-08-31T02:24:19+00:00\",\"mainEntityOfPage\":{\"@id\":\"https:\\\/\\\/uruguayciclismototal.com.uy\\\/?p=12432\"},\"wordCount\":196,\"commentCount\":0,\"publisher\":{\"@id\":\"https:\\\/\\\/uruguayciclismototal.com.uy\\\/#organization\"},\"image\":{\"@id\":\"https:\\\/\\\/uruguayciclismototal.com.uy\\\/?p=12432#primaryimage\"},\"thumbnailUrl\":\"https:\\\/\\\/uruguayciclismototal.com.uy\\\/wp-content\\\/uploads\\\/2026\\\/08\\\/Snapshot_20260830223016.png\",\"articleSection\":[\"Novedades\"],\"inLanguage\":\"es\",\"potentialAction\":[{\"@type\":\"CommentAction\",\"name\":\"Comment\",\"target\":[\"https:\\\/\\\/uruguayciclismototal.com.uy\\\/?p=12432#respond\"]}]},{\"@type\":\"WebPage\",\"@id\":\"https:\\\/\\\/uruguayciclismototal.com.uy\\\/?p=12432\",\"url\":\"https:\\\/\\\/uruguayciclismototal.com.uy\\\/?p=12432\",\"name\":\"El Crit\u00e9rium Apertura en Durazno fue para Leonel Rodriguez - Uruguay Ciclismo Total\",\"isPartOf\":{\"@id\":\"https:\\\/\\\/uruguayciclismototal.com.uy\\\/#website\"},\"primaryImageOfPage\":{\"@id\":\"https:\\\/\\\/uruguayciclismototal.com.uy\\\/?p=12432#primaryimage\"},\"image\":{\"@id\":\"https:\\\/\\\/uruguayciclismototal.com.uy\\\/?p=12432#primaryimage\"},\"thumbnailUrl\":\"https:\\\/\\\/uruguayciclismototal.com.uy\\\/wp-content\\\/uploads\\\/2026\\\/08\\\/Snapshot_20260830223016.png\",\"datePublished\":\"2026-08-31T02:01:46+00:00\",\"dateModified\":\"2026-08-31T02:24:19+00:00\",\"breadcrumb\":{\"@id\":\"https:\\\/\\\/uruguayciclismototal.com.uy\\\/?p=12432#breadcrumb\"},\"inLanguage\":\"es\",\"potentialAction\":[{\"@type\":\"ReadAction\",\"target\":[\"https:\\\/\\\/uruguayciclismototal.com.uy\\\/?p=12432\"]}]},{\"@type\":\"ImageObject\",\"inLanguage\":\"es\",\"@id\":\"https:\\\/\\\/uruguayciclismototal.com.uy\\\/?p=12432#primaryimage\",\"url\":\"https:\\\/\\\/uruguayciclismototal.com.uy\\\/wp-content\\\/uploads\\\/2026\\\/08\\\/Snapshot_20260830223016.png\",\"contentUrl\":\"https:\\\/\\\/uruguayciclismototal.com.uy\\\/wp-content\\\/uploads\\\/2026\\\/08\\\/Snapshot_20260830223016.png\",\"width\":1920,\"height\":1080},{\"@type\":\"BreadcrumbList\",\"@id\":\"https:\\\/\\\/uruguayciclismototal.com.uy\\\/?p=12432#breadcrumb\",\"itemListElement\":[{\"@type\":\"ListItem\",\"position\":1,\"name\":\"Portada\",\"item\":\"https:\\\/\\\/uruguayciclismototal.com.uy\\\/\"},{\"@type\":\"ListItem\",\"position\":2,\"name\":\"El Crit\u00e9rium Apertura en Durazno fue para Leonel Rodriguez\"}]},{\"@type\":\"WebSite\",\"@id\":\"https:\\\/\\\/uruguayciclismototal.com.uy\\\/#website\",\"url\":\"https:\\\/\\\/uruguayciclismototal.com.uy\\\/\",\"name\":\"Uruguay Ciclismo Total\",\"description\":\"Sitio del ciclismo uruguayo e internacional\",\"publisher\":{\"@id\":\"https:\\\/\\\/uruguayciclismototal.com.uy\\\/#organization\"},\"potentialAction\":[{\"@type\":\"SearchAction\",\"target\":{\"@type\":\"EntryPoint\",\"urlTemplate\":\"https:\\\/\\\/uruguayciclismototal.com.uy\\\/?s={search_term_string}\"},\"query-input\":{\"@type\":\"PropertyValueSpecification\",\"valueRequired\":true,\"valueName\":\"search_term_string\"}}],\"inLanguage\":\"es\"},{\"@type\":\"Organization\",\"@id\":\"https:\\\/\\\/uruguayciclismototal.com.uy\\\/#organization\",\"name\":\"Uruguay Ciclismo Total\",\"url\":\"https:\\\/\\\/uruguayciclismototal.com.uy\\\/\",\"logo\":{\"@type\":\"ImageObject\",\"inLanguage\":\"es\",\"@id\":\"https:\\\/\\\/uruguayciclismototal.com.uy\\\/#\\\/schema\\\/logo\\\/image\\\/\",\"url\":\"https:\\\/\\\/uruguayciclismototal.com.uy\\\/wp-content\\\/uploads\\\/2021\\\/09\\\/cropped-cropped-logo-xx.jpeg\",\"contentUrl\":\"https:\\\/\\\/uruguayciclismototal.com.uy\\\/wp-content\\\/uploads\\\/2021\\\/09\\\/cropped-cropped-logo-xx.jpeg\",\"width\":\"700\",\"height\":\"203\",\"caption\":\"Uruguay Ciclismo Total\"},\"image\":{\"@id\":\"https:\\\/\\\/uruguayciclismototal.com.uy\\\/#\\\/schema\\\/logo\\\/image\\\/\"}},{\"@type\":\"Person\",\"@id\":\"https:\\\/\\\/uruguayciclismototal.com.uy\\\/#\\\/schema\\\/person\\\/74449b3260ee6412440feb844fd01f0f\",\"name\":\"UCT\",\"image\":{\"@type\":\"ImageObject\",\"inLanguage\":\"es\",\"@id\":\"https:\\\/\\\/secure.gravatar.com\\\/avatar\\\/4946a6e7d56b8246ed338f1c2050f7a9efa0258ee65efe2206a672423794592a?s=96&d=mm&r=g\",\"url\":\"https:\\\/\\\/secure.gravatar.com\\\/avatar\\\/4946a6e7d56b8246ed338f1c2050f7a9efa0258ee65efe2206a672423794592a?s=96&d=mm&r=g\",\"contentUrl\":\"https:\\\/\\\/secure.gravatar.com\\\/avatar\\\/4946a6e7d56b8246ed338f1c2050f7a9efa0258ee65efe2206a672423794592a?s=96&d=mm&r=g\",\"caption\":\"UCT\"},\"sameAs\":[\"https:\\\/\\\/www.instagram.com\\\/infouruguayciclismototal\\\/?igsh=MW4wYnRwcjRvMzdvOA#\"],\"url\":\"https:\\\/\\\/uruguayciclismototal.com.uy\\\/?author=2\"}]}<\/script>\n<!-- \/ Yoast SEO plugin. -->","yoast_head_json":{"title":"El Crit\u00e9rium Apertura en Durazno fue para Leonel Rodriguez - Uruguay Ciclismo Total","robots":{"index":"index","follow":"follow","max-snippet":"max-snippet:-1","max-image-preview":"max-image-preview:large","max-video-preview":"max-video-preview:-1"},"canonical":"https:\/\/uruguayciclismototal.com.uy\/?p=12432","og_locale":"es_ES","og_type":"article","og_title":"El Crit\u00e9rium Apertura en Durazno fue para Leonel Rodriguez - Uruguay Ciclismo Total","og_description":"Este domingo 30 de Agosto se disputo el Crit\u00e9rium de Ciclismo en el Parque de la Hispanidad en Durazno con mas de 350 ciclistas en las distintas categor\u00edas, donde en&hellip;","og_url":"https:\/\/uruguayciclismototal.com.uy\/?p=12432","og_site_name":"Uruguay Ciclismo Total","article_published_time":"2026-08-31T02:01:46+00:00","article_modified_time":"2026-08-31T02:24:19+00:00","og_image":[{"width":1024,"height":576,"url":"https:\/\/uruguayciclismototal.com.uy\/wp-content\/uploads\/2026\/08\/Snapshot_20260830223016-1024x576.png","type":"image\/png"}],"author":"UCT","twitter_card":"summary_large_image","twitter_misc":{"Escrito por":"UCT","Tiempo de lectura":"1 minuto"},"schema":{"@context":"https:\/\/schema.org","@graph":[{"@type":"Article","@id":"https:\/\/uruguayciclismototal.com.uy\/?p=12432#article","isPartOf":{"@id":"https:\/\/uruguayciclismototal.com.uy\/?p=12432"},"author":{"name":"UCT","@id":"https:\/\/uruguayciclismototal.com.uy\/#\/schema\/person\/74449b3260ee6412440feb844fd01f0f"},"headline":"El Crit\u00e9rium Apertura en Durazno fue para Leonel Rodriguez","datePublished":"2026-08-31T02:01:46+00:00","dateModified":"2026-08-31T02:24:19+00:00","mainEntityOfPage":{"@id":"https:\/\/uruguayciclismototal.com.uy\/?p=12432"},"wordCount":196,"commentCount":0,"publisher":{"@id":"https:\/\/uruguayciclismototal.com.uy\/#organization"},"image":{"@id":"https:\/\/uruguayciclismototal.com.uy\/?p=12432#primaryimage"},"thumbnailUrl":"https:\/\/uruguayciclismototal.com.uy\/wp-content\/uploads\/2026\/08\/Snapshot_20260830223016.png","articleSection":["Novedades"],"inLanguage":"es","potentialAction":[{"@type":"CommentAction","name":"Comment","target":["https:\/\/uruguayciclismototal.com.uy\/?p=12432#respond"]}]},{"@type":"WebPage","@id":"https:\/\/uruguayciclismototal.com.uy\/?p=12432","url":"https:\/\/uruguayciclismototal.com.uy\/?p=12432","name":"El Crit\u00e9rium Apertura en Durazno fue para Leonel Rodriguez - Uruguay Ciclismo Total","isPartOf":{"@id":"https:\/\/uruguayciclismototal.com.uy\/#website"},"primaryImageOfPage":{"@id":"https:\/\/uruguayciclismototal.com.uy\/?p=12432#primaryimage"},"image":{"@id":"https:\/\/uruguayciclismototal.com.uy\/?p=12432#primaryimage"},"thumbnailUrl":"https:\/\/uruguayciclismototal.com.uy\/wp-content\/uploads\/2026\/08\/Snapshot_20260830223016.png","datePublished":"2026-08-31T02:01:46+00:00","dateModified":"2026-08-31T02:24:19+00:00","breadcrumb":{"@id":"https:\/\/uruguayciclismototal.com.uy\/?p=12432#breadcrumb"},"inLanguage":"es","potentialAction":[{"@type":"ReadAction","target":["https:\/\/uruguayciclismototal.com.uy\/?p=12432"]}]},{"@type":"ImageObject","inLanguage":"es","@id":"https:\/\/uruguayciclismototal.com.uy\/?p=12432#primaryimage","url":"https:\/\/uruguayciclismototal.com.uy\/wp-content\/uploads\/2026\/08\/Snapshot_20260830223016.png","contentUrl":"https:\/\/uruguayciclismototal.com.uy\/wp-content\/uploads\/2026\/08\/Snapshot_20260830223016.png","width":1920,"height":1080},{"@type":"BreadcrumbList","@id":"https:\/\/uruguayciclismototal.com.uy\/?p=12432#breadcrumb","itemListElement":[{"@type":"ListItem","position":1,"name":"Portada","item":"https:\/\/uruguayciclismototal.com.uy\/"},{"@type":"ListItem","position":2,"name":"El Crit\u00e9rium Apertura en Durazno fue para Leonel Rodriguez"}]},{"@type":"WebSite","@id":"https:\/\/uruguayciclismototal.com.uy\/#website","url":"https:\/\/uruguayciclismototal.com.uy\/","name":"Uruguay Ciclismo Total","description":"Sitio del ciclismo uruguayo e internacional","publisher":{"@id":"https:\/\/uruguayciclismototal.com.uy\/#organization"},"potentialAction":[{"@type":"SearchAction","target":{"@type":"EntryPoint","urlTemplate":"https:\/\/uruguayciclismototal.com.uy\/?s={search_term_string}"},"query-input":{"@type":"PropertyValueSpecification","valueRequired":true,"valueName":"search_term_string"}}],"inLanguage":"es"},{"@type":"Organization","@id":"https:\/\/uruguayciclismototal.com.uy\/#organization","name":"Uruguay Ciclismo Total","url":"https:\/\/uruguayciclismototal.com.uy\/","logo":{"@type":"ImageObject","inLanguage":"es","@id":"https:\/\/uruguayciclismototal.com.uy\/#\/schema\/logo\/image\/","url":"https:\/\/uruguayciclismototal.com.uy\/wp-content\/uploads\/2021\/09\/cropped-cropped-logo-xx.jpeg","contentUrl":"https:\/\/uruguayciclismototal.com.uy\/wp-content\/uploads\/2021\/09\/cropped-cropped-logo-xx.jpeg","width":"700","height":"203","caption":"Uruguay Ciclismo Total"},"image":{"@id":"https:\/\/uruguayciclismototal.com.uy\/#\/schema\/logo\/image\/"}},{"@type":"Person","@id":"https:\/\/uruguayciclismototal.com.uy\/#\/schema\/person\/74449b3260ee6412440feb844fd01f0f","name":"UCT","image":{"@type":"ImageObject","inLanguage":"es","@id":"https:\/\/secure.gravatar.com\/avatar\/4946a6e7d56b8246ed338f1c2050f7a9efa0258ee65efe2206a672423794592a?s=96&d=mm&r=g","url":"https:\/\/secure.gravatar.com\/avatar\/4946a6e7d56b8246ed338f1c2050f7a9efa0258ee65efe2206a672423794592a?s=96&d=mm&r=g","contentUrl":"https:\/\/secure.gravatar.com\/avatar\/4946a6e7d56b8246ed338f1c2050f7a9efa0258ee65efe2206a672423794592a?s=96&d=mm&r=g","caption":"UCT"},"sameAs":["https:\/\/www.instagram.com\/infouruguayciclismototal\/?igsh=MW4wYnRwcjRvMzdvOA#"],"url":"https:\/\/uruguayciclismototal.com.uy\/?author=2"}]}},"jetpack_sharing_enabled":true,"amp_enabled":true,"jetpack_featured_media_url":"https:\/\/uruguayciclismototal.com.uy\/wp-content\/uploads\/2026\/08\/Snapshot_20260830223016.png","_links":{"self":[{"href":"https:\/\/uruguayciclismototal.com.uy\/index.php?rest_route=\/wp\/v2\/posts\/12432","targetHints":{"allow":["GET"]}}],"collection":[{"href":"https:\/\/uruguayciclismototal.com.uy\/index.php?rest_route=\/wp\/v2\/posts"}],"about":[{"href":"https:\/\/uruguayciclismototal.com.uy\/index.php?rest_route=\/wp\/v2\/types\/post"}],"author":[{"embeddable":true,"href":"https:\/\/uruguayciclismototal.com.uy\/index.php?rest_route=\/wp\/v2\/users\/2"}],"replies":[{"embeddable":true,"href":"https:\/\/uruguayciclismototal.com.uy\/index.php?rest_route=%2Fwp%2Fv2%2Fcomments&post=12432"}],"version-history":[{"count":2,"href":"https:\/\/uruguayciclismototal.com.uy\/index.php?rest_route=\/wp\/v2\/posts\/12432\/revisions"}],"predecessor-version":[{"id":12439,"href":"https:\/\/uruguayciclismototal.com.uy\/index.php?rest_route=\/wp\/v2\/posts\/12432\/revisions\/12439"}],"wp:featuredmedia":[{"embeddable":true,"href":"https:\/\/uruguayciclismototal.com.uy\/index.php?rest_route=\/wp\/v2\/media\/12434"}],"wp:attachment":[{"href":"https:\/\/uruguayciclismototal.com.uy\/index.php?rest_route=%2Fwp%2Fv2%2Fmedia&parent=12432"}],"wp:term":[{"taxonomy":"category","embeddable":true,"href":"https:\/\/uruguayciclismototal.com.uy\/index.php?rest_route=%2Fwp%2Fv2%2Fcategories&post=12432"},{"taxonomy":"post_tag","embeddable":true,"href":"https:\/\/uruguayciclismototal.com.uy\/index.php?rest_route=%2Fwp%2Fv2%2Ftags&post=12432"}],"curies":[{"name":"wp","href":"https:\/\/api.w.org\/{rel}","templated":true}]}}